{"id":398,"date":"2022-03-07T11:52:09","date_gmt":"2022-03-07T10:52:09","guid":{"rendered":"https:\/\/www.safraniersdeprovence.fr\/?p=398"},"modified":"2023-02-28T11:21:20","modified_gmt":"2023-02-28T10:21:20","slug":"safran-provence-au-salon-de-lagriculture-2022","status":"publish","type":"post","link":"https:\/\/www.safraniersdeprovence.fr\/index.php\/2022\/03\/07\/safran-provence-au-salon-de-lagriculture-2022\/","title":{"rendered":"SAFRAN PROVENCE au Salon de l&#8217;Agriculture 2022"},"content":{"rendered":"\n<p>SAFRAN PROVENCE \u00e9tait bien pr\u00e9sent cette ann\u00e9e au Salon de l&#8217;Agriculture \u00e0 Paris et s&#8217;est fait remarquer !!<\/p>\n\n\n\n<p>En effet, la recette r\u00e9alis\u00e9e lors de l&#8217;inauguration du stand, en pr\u00e9sence notamment de Julien Denormandie, Jo\u00ebl Giraud, Renaud Muselier, B\u00e9n\u00e9dicte Martin, Christophe Castaner, Jean-Marie Bernard et  Eliane Barreille a \u00e9t\u00e9 tr\u00e8s remarqu\u00e9e.&nbsp;<\/p>\n\n\n\n<figure class=\"wp-block-gallery has-nested-images columns-default is-cropped wp-block-gallery-1 is-layout-flex wp-block-gallery-is-layout-flex\">\n<figure class=\"wp-block-image size-large\"><img loading=\"lazy\" decoding=\"async\" width=\"1600\" height=\"1200\" data-id=\"405\" src=\"https:\/\/www.safraniersdeprovence.fr\/wp-content\/uploads\/2022\/03\/WhatsApp-Image-2022-03-02-at-07.41.25.jpeg\" alt=\"\" class=\"wp-image-405\" srcset=\"https:\/\/www.safraniersdeprovence.fr\/wp-content\/uploads\/2022\/03\/WhatsApp-Image-2022-03-02-at-07.41.25.jpeg 1600w, https:\/\/www.safraniersdeprovence.fr\/wp-content\/uploads\/2022\/03\/WhatsApp-Image-2022-03-02-at-07.41.25-300x225.jpeg 300w, https:\/\/www.safraniersdeprovence.fr\/wp-content\/uploads\/2022\/03\/WhatsApp-Image-2022-03-02-at-07.41.25-1024x768.jpeg 1024w, https:\/\/www.safraniersdeprovence.fr\/wp-content\/uploads\/2022\/03\/WhatsApp-Image-2022-03-02-at-07.41.25-768x576.jpeg 768w, https:\/\/www.safraniersdeprovence.fr\/wp-content\/uploads\/2022\/03\/WhatsApp-Image-2022-03-02-at-07.41.25-1536x1152.jpeg 1536w\" sizes=\"auto, (max-width: 767px) 89vw, (max-width: 1000px) 54vw, (max-width: 1071px) 543px, 580px\" \/><\/figure>\n\n\n\n<figure class=\"wp-block-image size-large\"><img loading=\"lazy\" decoding=\"async\" width=\"1920\" height=\"2560\" data-id=\"402\" src=\"https:\/\/www.safraniersdeprovence.fr\/wp-content\/uploads\/2022\/03\/IMG_20220228_111700-scaled.jpg\" alt=\"\" class=\"wp-image-402\" srcset=\"https:\/\/www.safraniersdeprovence.fr\/wp-content\/uploads\/2022\/03\/IMG_20220228_111700-scaled.jpg 1920w, https:\/\/www.safraniersdeprovence.fr\/wp-content\/uploads\/2022\/03\/IMG_20220228_111700-225x300.jpg 225w, https:\/\/www.safraniersdeprovence.fr\/wp-content\/uploads\/2022\/03\/IMG_20220228_111700-768x1024.jpg 768w, https:\/\/www.safraniersdeprovence.fr\/wp-content\/uploads\/2022\/03\/IMG_20220228_111700-1152x1536.jpg 1152w, https:\/\/www.safraniersdeprovence.fr\/wp-content\/uploads\/2022\/03\/IMG_20220228_111700-1536x2048.jpg 1536w\" sizes=\"auto, (max-width: 767px) 89vw, (max-width: 1000px) 54vw, (max-width: 1071px) 543px, 580px\" \/><\/figure>\n<\/figure>\n\n\n\n<p>Symbole de la gastronomie proven\u00e7ale, la recette choisie fut la soupe de poisson. Il n&#8217;en est pas rester une goutte !<\/p>\n\n\n\n<figure class=\"wp-block-image size-large is-resized\"><img loading=\"lazy\" decoding=\"async\" src=\"https:\/\/www.safraniersdeprovence.fr\/wp-content\/uploads\/2022\/03\/IMG_20220228_112217-768x1024.jpg\" alt=\"\" class=\"wp-image-404\" width=\"280\" height=\"372\" srcset=\"https:\/\/www.safraniersdeprovence.fr\/wp-content\/uploads\/2022\/03\/IMG_20220228_112217-768x1024.jpg 768w, https:\/\/www.safraniersdeprovence.fr\/wp-content\/uploads\/2022\/03\/IMG_20220228_112217-225x300.jpg 225w, https:\/\/www.safraniersdeprovence.fr\/wp-content\/uploads\/2022\/03\/IMG_20220228_112217-1152x1536.jpg 1152w, https:\/\/www.safraniersdeprovence.fr\/wp-content\/uploads\/2022\/03\/IMG_20220228_112217-1536x2048.jpg 1536w, https:\/\/www.safraniersdeprovence.fr\/wp-content\/uploads\/2022\/03\/IMG_20220228_112217-scaled.jpg 1920w\" sizes=\"auto, (max-width: 280px) 100vw, 280px\" \/><\/figure>\n\n\n\n<p>Merci \u00e0 la r\u00e9gion SUD et \u00e0 notre partenaire le CPPARM qui nous ont permis d&#8217;\u00eatre \u00e0 l&#8217;honneur \u00e0 Paris.<\/p>\n","protected":false},"excerpt":{"rendered":"<p>SAFRAN PROVENCE \u00e9tait bien pr\u00e9sent cette ann\u00e9e au Salon de l&#8217;Agriculture \u00e0 Paris et s&#8217;est fait remarquer !! En effet, la recette r\u00e9alis\u00e9e lors de l&#8217;inauguration du stand, en pr\u00e9sence notamment de Julien Denormandie, Jo\u00ebl Giraud, Renaud Muselier, B\u00e9n\u00e9dicte Martin, Christophe Castaner, Jean-Marie Bernard et Eliane Barreille a \u00e9t\u00e9 tr\u00e8s remarqu\u00e9e.&nbsp; Symbole de la gastronomie &hellip; <\/p>\n<p class=\"link-more\"><a href=\"https:\/\/www.safraniersdeprovence.fr\/index.php\/2022\/03\/07\/safran-provence-au-salon-de-lagriculture-2022\/\" class=\"more-link\">Continuer la lecture<span class=\"screen-reader-text\"> de &laquo;&nbsp;SAFRAN PROVENCE au Salon de l&#8217;Agriculture 2022&nbsp;&raquo;<\/span><\/a><\/p>\n","protected":false},"author":1,"featured_media":400,"comment_status":"open","ping_status":"open","sticky":false,"template":"","format":"standard","meta":{"_exactmetrics_skip_tracking":false,"_exactmetrics_sitenote_active":false,"_exactmetrics_sitenote_note":"","_exactmetrics_sitenote_category":0,"footnotes":""},"categories":[11],"tags":[],"class_list":["post-398","post","type-post","status-publish","format-standard","has-post-thumbnail","hentry","category-news-blog"],"aioseo_notices":[],"_links":{"self":[{"href":"https:\/\/www.safraniersdeprovence.fr\/index.php\/wp-json\/wp\/v2\/posts\/398","targetHints":{"allow":["GET"]}}],"collection":[{"href":"https:\/\/www.safraniersdeprovence.fr\/index.php\/wp-json\/wp\/v2\/posts"}],"about":[{"href":"https:\/\/www.safraniersdeprovence.fr\/index.php\/wp-json\/wp\/v2\/types\/post"}],"author":[{"embeddable":true,"href":"https:\/\/www.safraniersdeprovence.fr\/index.php\/wp-json\/wp\/v2\/users\/1"}],"replies":[{"embeddable":true,"href":"https:\/\/www.safraniersdeprovence.fr\/index.php\/wp-json\/wp\/v2\/comments?post=398"}],"version-history":[{"count":6,"href":"https:\/\/www.safraniersdeprovence.fr\/index.php\/wp-json\/wp\/v2\/posts\/398\/revisions"}],"predecessor-version":[{"id":410,"href":"https:\/\/www.safraniersdeprovence.fr\/index.php\/wp-json\/wp\/v2\/posts\/398\/revisions\/410"}],"wp:featuredmedia":[{"embeddable":true,"href":"https:\/\/www.safraniersdeprovence.fr\/index.php\/wp-json\/wp\/v2\/media\/400"}],"wp:attachment":[{"href":"https:\/\/www.safraniersdeprovence.fr\/index.php\/wp-json\/wp\/v2\/media?parent=398"}],"wp:term":[{"taxonomy":"category","embeddable":true,"href":"https:\/\/www.safraniersdeprovence.fr\/index.php\/wp-json\/wp\/v2\/categories?post=398"},{"taxonomy":"post_tag","embeddable":true,"href":"https:\/\/www.safraniersdeprovence.fr\/index.php\/wp-json\/wp\/v2\/tags?post=398"}],"curies":[{"name":"wp","href":"https:\/\/api.w.org\/{rel}","templated":true}]}}