{"id":539,"date":"2024-02-19T16:42:12","date_gmt":"2024-02-19T15:42:12","guid":{"rendered":"https:\/\/www.safraniersdeprovence.fr\/?p=539"},"modified":"2024-03-22T09:56:24","modified_gmt":"2024-03-22T08:56:24","slug":"ag-2024-et-pouvoir-et-bulletin-dadhesion-2024","status":"publish","type":"post","link":"https:\/\/www.safraniersdeprovence.fr\/index.php\/2024\/02\/19\/ag-2024-et-pouvoir-et-bulletin-dadhesion-2024\/","title":{"rendered":"Acc\u00e8s restreint"},"content":{"rendered":"<p>Vous n'\u00eates pas autoris\u00e9 \u00e0 consulter ce contenu<\/p>","protected":false},"excerpt":{"rendered":"","protected":false},"author":720,"featured_media":0,"comment_status":"open","ping_status":"closed","sticky":false,"template":"","format":"standard","meta":{"_exactmetrics_skip_tracking":false,"footnotes":""},"categories":[],"tags":[],"class_list":["post-539","post","type-post","status-publish","format-standard","hentry"],"aioseo_notices":[],"aioseo_head":"\n\t\t<!-- All in One SEO 4.9.10 - aioseo.com -->\n\t<meta name=\"description\" content=\"CONVOCATION AG 2024\" \/>\n\t<meta name=\"robots\" content=\"max-image-preview:large\" \/>\n\t<meta name=\"author\" content=\"Administrateur Administrateur\"\/>\n\t<link rel=\"canonical\" href=\"https:\/\/www.safraniersdeprovence.fr\/index.php\/2024\/02\/19\/ag-2024-et-pouvoir-et-bulletin-dadhesion-2024\/\" \/>\n\t<meta name=\"generator\" content=\"All in One SEO (AIOSEO) 4.9.10\" \/>\n\t\t<meta property=\"og:locale\" content=\"fr_FR\" \/>\n\t\t<meta property=\"og:site_name\" content=\"Association safran provence - les producteurs de safran en PROVENCE, ENSEMBLE, pour  vous offrir le meilleur des SAFRANS\" \/>\n\t\t<meta property=\"og:type\" content=\"article\" \/>\n\t\t<meta property=\"og:title\" content=\"Acc\u00e8s restreint - Association safran provence\" \/>\n\t\t<meta property=\"og:description\" content=\"CONVOCATION AG 2024\" \/>\n\t\t<meta property=\"og:url\" content=\"https:\/\/www.safraniersdeprovence.fr\/index.php\/2024\/02\/19\/ag-2024-et-pouvoir-et-bulletin-dadhesion-2024\/\" \/>\n\t\t<meta property=\"og:image\" content=\"https:\/\/www.safraniersdeprovence.fr\/wp-content\/uploads\/2018\/02\/cropped-logo-shp.ico\" \/>\n\t\t<meta property=\"og:image:secure_url\" content=\"https:\/\/www.safraniersdeprovence.fr\/wp-content\/uploads\/2018\/02\/cropped-logo-shp.ico\" \/>\n\t\t<meta property=\"article:published_time\" content=\"2024-02-19T15:42:12+00:00\" \/>\n\t\t<meta property=\"article:modified_time\" content=\"2024-03-22T08:56:24+00:00\" \/>\n\t\t<meta name=\"twitter:card\" content=\"summary_large_image\" \/>\n\t\t<meta name=\"twitter:title\" content=\"Acc\u00e8s restreint - Association safran provence\" \/>\n\t\t<meta name=\"twitter:description\" content=\"CONVOCATION AG 2024\" \/>\n\t\t<meta name=\"twitter:image\" content=\"https:\/\/www.safraniersdeprovence.fr\/wp-content\/uploads\/2018\/02\/cropped-logo-shp.ico\" \/>\n\t\t<script type=\"application\/ld+json\" class=\"aioseo-schema\">\n\t\t\t{\"@context\":\"https:\\\/\\\/schema.org\",\"@graph\":[{\"@type\":\"BlogPosting\",\"@id\":\"https:\\\/\\\/www.safraniersdeprovence.fr\\\/index.php\\\/2024\\\/02\\\/19\\\/ag-2024-et-pouvoir-et-bulletin-dadhesion-2024\\\/#blogposting\",\"name\":\"Acc\\u00e8s restreint - Association safran provence\",\"headline\":\"Acc\\u00e8s restreint\",\"author\":{\"@id\":\"https:\\\/\\\/www.safraniersdeprovence.fr\\\/index.php\\\/author\\\/adminbis\\\/#author\"},\"publisher\":{\"@id\":\"https:\\\/\\\/www.safraniersdeprovence.fr\\\/#organization\"},\"image\":{\"@type\":\"ImageObject\",\"url\":\"https:\\\/\\\/www.safraniersdeprovence.fr\\\/wp-content\\\/uploads\\\/2018\\\/02\\\/cropped-logo-shp.ico\",\"@id\":\"https:\\\/\\\/www.safraniersdeprovence.fr\\\/#articleImage\"},\"datePublished\":\"2024-02-19T16:42:12+01:00\",\"dateModified\":\"2024-03-22T09:56:24+01:00\",\"inLanguage\":\"fr-FR\",\"mainEntityOfPage\":{\"@id\":\"https:\\\/\\\/www.safraniersdeprovence.fr\\\/index.php\\\/2024\\\/02\\\/19\\\/ag-2024-et-pouvoir-et-bulletin-dadhesion-2024\\\/#webpage\"},\"isPartOf\":{\"@id\":\"https:\\\/\\\/www.safraniersdeprovence.fr\\\/index.php\\\/2024\\\/02\\\/19\\\/ag-2024-et-pouvoir-et-bulletin-dadhesion-2024\\\/#webpage\"}},{\"@type\":\"BreadcrumbList\",\"@id\":\"https:\\\/\\\/www.safraniersdeprovence.fr\\\/index.php\\\/2024\\\/02\\\/19\\\/ag-2024-et-pouvoir-et-bulletin-dadhesion-2024\\\/#breadcrumblist\",\"itemListElement\":[{\"@type\":\"ListItem\",\"@id\":\"https:\\\/\\\/www.safraniersdeprovence.fr#listItem\",\"position\":1,\"name\":\"Home\",\"item\":\"https:\\\/\\\/www.safraniersdeprovence.fr\",\"nextItem\":{\"@type\":\"ListItem\",\"@id\":\"https:\\\/\\\/www.safraniersdeprovence.fr\\\/index.php\\\/2024\\\/02\\\/19\\\/ag-2024-et-pouvoir-et-bulletin-dadhesion-2024\\\/#listItem\",\"name\":\"Acc\\u00e8s restreint\"}},{\"@type\":\"ListItem\",\"@id\":\"https:\\\/\\\/www.safraniersdeprovence.fr\\\/index.php\\\/2024\\\/02\\\/19\\\/ag-2024-et-pouvoir-et-bulletin-dadhesion-2024\\\/#listItem\",\"position\":2,\"name\":\"Acc\\u00e8s restreint\",\"previousItem\":{\"@type\":\"ListItem\",\"@id\":\"https:\\\/\\\/www.safraniersdeprovence.fr#listItem\",\"name\":\"Home\"}}]},{\"@type\":\"Organization\",\"@id\":\"https:\\\/\\\/www.safraniersdeprovence.fr\\\/#organization\",\"name\":\"Association safran provence\",\"description\":\"les producteurs de safran en PROVENCE, ENSEMBLE, pour  vous offrir le meilleur des SAFRANS\",\"url\":\"https:\\\/\\\/www.safraniersdeprovence.fr\\\/\",\"logo\":{\"@type\":\"ImageObject\",\"url\":\"https:\\\/\\\/www.safraniersdeprovence.fr\\\/wp-content\\\/uploads\\\/2018\\\/02\\\/cropped-logo-shp.ico\",\"@id\":\"https:\\\/\\\/www.safraniersdeprovence.fr\\\/index.php\\\/2024\\\/02\\\/19\\\/ag-2024-et-pouvoir-et-bulletin-dadhesion-2024\\\/#organizationLogo\"},\"image\":{\"@id\":\"https:\\\/\\\/www.safraniersdeprovence.fr\\\/index.php\\\/2024\\\/02\\\/19\\\/ag-2024-et-pouvoir-et-bulletin-dadhesion-2024\\\/#organizationLogo\"}},{\"@type\":\"Person\",\"@id\":\"https:\\\/\\\/www.safraniersdeprovence.fr\\\/index.php\\\/author\\\/adminbis\\\/#author\",\"url\":\"https:\\\/\\\/www.safraniersdeprovence.fr\\\/index.php\\\/author\\\/adminbis\\\/\",\"name\":\"Administrateur Administrateur\",\"image\":{\"@type\":\"ImageObject\",\"@id\":\"https:\\\/\\\/www.safraniersdeprovence.fr\\\/index.php\\\/2024\\\/02\\\/19\\\/ag-2024-et-pouvoir-et-bulletin-dadhesion-2024\\\/#authorImage\",\"url\":\"https:\\\/\\\/www.safraniersdeprovence.fr\\\/wp-content\\\/plugins\\\/ultimate-member\\\/assets\\\/img\\\/default_avatar.jpg\",\"width\":96,\"height\":96,\"caption\":\"Administrateur Administrateur\"}},{\"@type\":\"WebPage\",\"@id\":\"https:\\\/\\\/www.safraniersdeprovence.fr\\\/index.php\\\/2024\\\/02\\\/19\\\/ag-2024-et-pouvoir-et-bulletin-dadhesion-2024\\\/#webpage\",\"url\":\"https:\\\/\\\/www.safraniersdeprovence.fr\\\/index.php\\\/2024\\\/02\\\/19\\\/ag-2024-et-pouvoir-et-bulletin-dadhesion-2024\\\/\",\"name\":\"Acc\\u00e8s restreint - Association safran provence\",\"description\":\"CONVOCATION AG 2024\",\"inLanguage\":\"fr-FR\",\"isPartOf\":{\"@id\":\"https:\\\/\\\/www.safraniersdeprovence.fr\\\/#website\"},\"breadcrumb\":{\"@id\":\"https:\\\/\\\/www.safraniersdeprovence.fr\\\/index.php\\\/2024\\\/02\\\/19\\\/ag-2024-et-pouvoir-et-bulletin-dadhesion-2024\\\/#breadcrumblist\"},\"author\":{\"@id\":\"https:\\\/\\\/www.safraniersdeprovence.fr\\\/index.php\\\/author\\\/adminbis\\\/#author\"},\"creator\":{\"@id\":\"https:\\\/\\\/www.safraniersdeprovence.fr\\\/index.php\\\/author\\\/adminbis\\\/#author\"},\"datePublished\":\"2024-02-19T16:42:12+01:00\",\"dateModified\":\"2024-03-22T09:56:24+01:00\"},{\"@type\":\"WebSite\",\"@id\":\"https:\\\/\\\/www.safraniersdeprovence.fr\\\/#website\",\"url\":\"https:\\\/\\\/www.safraniersdeprovence.fr\\\/\",\"name\":\"Association safran provence\",\"description\":\"les producteurs de safran en PROVENCE, ENSEMBLE, pour  vous offrir le meilleur des SAFRANS\",\"inLanguage\":\"fr-FR\",\"publisher\":{\"@id\":\"https:\\\/\\\/www.safraniersdeprovence.fr\\\/#organization\"}}]}\n\t\t<\/script>\n\t\t<!-- All in One SEO -->\n\n","aioseo_head_json":{"title":"Acc\u00e8s restreint - Association safran provence","description":"CONVOCATION AG 2024","canonical_url":"https:\/\/www.safraniersdeprovence.fr\/index.php\/2024\/02\/19\/ag-2024-et-pouvoir-et-bulletin-dadhesion-2024\/","robots":"max-image-preview:large","keywords":"","webmasterTools":{"miscellaneous":""},"schema":{"@context":"https:\/\/schema.org","@graph":[{"@type":"BlogPosting","@id":"https:\/\/www.safraniersdeprovence.fr\/index.php\/2024\/02\/19\/ag-2024-et-pouvoir-et-bulletin-dadhesion-2024\/#blogposting","name":"Acc\u00e8s restreint - Association safran provence","headline":"Acc\u00e8s restreint","author":{"@id":"https:\/\/www.safraniersdeprovence.fr\/index.php\/author\/adminbis\/#author"},"publisher":{"@id":"https:\/\/www.safraniersdeprovence.fr\/#organization"},"image":{"@type":"ImageObject","url":"https:\/\/www.safraniersdeprovence.fr\/wp-content\/uploads\/2018\/02\/cropped-logo-shp.ico","@id":"https:\/\/www.safraniersdeprovence.fr\/#articleImage"},"datePublished":"2024-02-19T16:42:12+01:00","dateModified":"2024-03-22T09:56:24+01:00","inLanguage":"fr-FR","mainEntityOfPage":{"@id":"https:\/\/www.safraniersdeprovence.fr\/index.php\/2024\/02\/19\/ag-2024-et-pouvoir-et-bulletin-dadhesion-2024\/#webpage"},"isPartOf":{"@id":"https:\/\/www.safraniersdeprovence.fr\/index.php\/2024\/02\/19\/ag-2024-et-pouvoir-et-bulletin-dadhesion-2024\/#webpage"}},{"@type":"BreadcrumbList","@id":"https:\/\/www.safraniersdeprovence.fr\/index.php\/2024\/02\/19\/ag-2024-et-pouvoir-et-bulletin-dadhesion-2024\/#breadcrumblist","itemListElement":[{"@type":"ListItem","@id":"https:\/\/www.safraniersdeprovence.fr#listItem","position":1,"name":"Home","item":"https:\/\/www.safraniersdeprovence.fr","nextItem":{"@type":"ListItem","@id":"https:\/\/www.safraniersdeprovence.fr\/index.php\/2024\/02\/19\/ag-2024-et-pouvoir-et-bulletin-dadhesion-2024\/#listItem","name":"Acc\u00e8s restreint"}},{"@type":"ListItem","@id":"https:\/\/www.safraniersdeprovence.fr\/index.php\/2024\/02\/19\/ag-2024-et-pouvoir-et-bulletin-dadhesion-2024\/#listItem","position":2,"name":"Acc\u00e8s restreint","previousItem":{"@type":"ListItem","@id":"https:\/\/www.safraniersdeprovence.fr#listItem","name":"Home"}}]},{"@type":"Organization","@id":"https:\/\/www.safraniersdeprovence.fr\/#organization","name":"Association safran provence","description":"les producteurs de safran en PROVENCE, ENSEMBLE, pour  vous offrir le meilleur des SAFRANS","url":"https:\/\/www.safraniersdeprovence.fr\/","logo":{"@type":"ImageObject","url":"https:\/\/www.safraniersdeprovence.fr\/wp-content\/uploads\/2018\/02\/cropped-logo-shp.ico","@id":"https:\/\/www.safraniersdeprovence.fr\/index.php\/2024\/02\/19\/ag-2024-et-pouvoir-et-bulletin-dadhesion-2024\/#organizationLogo"},"image":{"@id":"https:\/\/www.safraniersdeprovence.fr\/index.php\/2024\/02\/19\/ag-2024-et-pouvoir-et-bulletin-dadhesion-2024\/#organizationLogo"}},{"@type":"Person","@id":"https:\/\/www.safraniersdeprovence.fr\/index.php\/author\/adminbis\/#author","url":"https:\/\/www.safraniersdeprovence.fr\/index.php\/author\/adminbis\/","name":"Administrateur Administrateur","image":{"@type":"ImageObject","@id":"https:\/\/www.safraniersdeprovence.fr\/index.php\/2024\/02\/19\/ag-2024-et-pouvoir-et-bulletin-dadhesion-2024\/#authorImage","url":"https:\/\/www.safraniersdeprovence.fr\/wp-content\/plugins\/ultimate-member\/assets\/img\/default_avatar.jpg","width":96,"height":96,"caption":"Administrateur Administrateur"}},{"@type":"WebPage","@id":"https:\/\/www.safraniersdeprovence.fr\/index.php\/2024\/02\/19\/ag-2024-et-pouvoir-et-bulletin-dadhesion-2024\/#webpage","url":"https:\/\/www.safraniersdeprovence.fr\/index.php\/2024\/02\/19\/ag-2024-et-pouvoir-et-bulletin-dadhesion-2024\/","name":"Acc\u00e8s restreint - Association safran provence","description":"CONVOCATION AG 2024","inLanguage":"fr-FR","isPartOf":{"@id":"https:\/\/www.safraniersdeprovence.fr\/#website"},"breadcrumb":{"@id":"https:\/\/www.safraniersdeprovence.fr\/index.php\/2024\/02\/19\/ag-2024-et-pouvoir-et-bulletin-dadhesion-2024\/#breadcrumblist"},"author":{"@id":"https:\/\/www.safraniersdeprovence.fr\/index.php\/author\/adminbis\/#author"},"creator":{"@id":"https:\/\/www.safraniersdeprovence.fr\/index.php\/author\/adminbis\/#author"},"datePublished":"2024-02-19T16:42:12+01:00","dateModified":"2024-03-22T09:56:24+01:00"},{"@type":"WebSite","@id":"https:\/\/www.safraniersdeprovence.fr\/#website","url":"https:\/\/www.safraniersdeprovence.fr\/","name":"Association safran provence","description":"les producteurs de safran en PROVENCE, ENSEMBLE, pour  vous offrir le meilleur des SAFRANS","inLanguage":"fr-FR","publisher":{"@id":"https:\/\/www.safraniersdeprovence.fr\/#organization"}}]},"og:locale":"fr_FR","og:site_name":"Association safran provence - les producteurs de safran en PROVENCE, ENSEMBLE, pour  vous offrir le meilleur des SAFRANS","og:type":"article","og:title":"Acc\u00e8s restreint - Association safran provence","og:description":"CONVOCATION AG 2024","og:url":"https:\/\/www.safraniersdeprovence.fr\/index.php\/2024\/02\/19\/ag-2024-et-pouvoir-et-bulletin-dadhesion-2024\/","og:image":"https:\/\/www.safraniersdeprovence.fr\/wp-content\/uploads\/2018\/02\/cropped-logo-shp.ico","og:image:secure_url":"https:\/\/www.safraniersdeprovence.fr\/wp-content\/uploads\/2018\/02\/cropped-logo-shp.ico","article:published_time":"2024-02-19T15:42:12+00:00","article:modified_time":"2024-03-22T08:56:24+00:00","twitter:card":"summary_large_image","twitter:title":"Acc\u00e8s restreint - Association safran provence","twitter:description":"CONVOCATION AG 2024","twitter:image":"https:\/\/www.safraniersdeprovence.fr\/wp-content\/uploads\/2018\/02\/cropped-logo-shp.ico"},"aioseo_meta_data":{"post_id":"539","title":null,"description":null,"keywords":[],"keyphrases":{"focus":{"keyphrase":"","score":0,"analysis":{"keyphraseInTitle":{"score":0,"maxScore":9,"error":1}}},"additional":[]},"primary_term":null,"canonical_url":null,"og_title":null,"og_description":null,"og_object_type":"default","og_image_type":"default","og_image_url":null,"og_image_width":null,"og_image_height":null,"og_image_custom_url":null,"og_image_custom_fields":null,"og_video":"","og_custom_url":null,"og_article_section":null,"og_article_tags":[],"twitter_use_og":false,"twitter_card":"default","twitter_image_type":"default","twitter_image_url":null,"twitter_image_custom_url":null,"twitter_image_custom_fields":null,"twitter_title":null,"twitter_description":null,"schema":{"blockGraphs":[],"customGraphs":[],"default":{"data":{"Article":[],"Course":[],"Dataset":[],"FAQPage":[],"Movie":[],"Person":[],"Product":[],"ProductReview":[],"Car":[],"Recipe":[],"Service":[],"SoftwareApplication":[],"WebPage":[]},"graphName":"BlogPosting","isEnabled":true},"graphs":[]},"schema_type":"default","schema_type_options":null,"pillar_content":false,"robots_default":true,"robots_noindex":false,"robots_noarchive":false,"robots_nosnippet":false,"robots_nofollow":false,"robots_noimageindex":false,"robots_noodp":false,"robots_notranslate":false,"robots_max_snippet":"-1","robots_max_videopreview":"-1","robots_max_imagepreview":"large","priority":null,"frequency":"default","local_seo":null,"breadcrumb_settings":null,"limit_modified_date":false,"ai":null,"created":"2024-02-19 15:32:39","updated":"2025-08-22 07:30:50","seo_analyzer_scan_date":null},"aioseo_breadcrumb":"<div class=\"aioseo-breadcrumbs\"><span class=\"aioseo-breadcrumb\">\n\t\t\t<a href=\"https:\/\/www.safraniersdeprovence.fr\" title=\"Home\">Home<\/a>\n\t\t<\/span><span class=\"aioseo-breadcrumb-separator\">&raquo;<\/span><span class=\"aioseo-breadcrumb\">\n\t\t\tAcc\u00e8s restreint\n\t\t<\/span><\/div>","aioseo_breadcrumb_json":[{"label":"Home","link":"https:\/\/www.safraniersdeprovence.fr"},{"label":"Acc\u00e8s restreint","link":"https:\/\/www.safraniersdeprovence.fr\/index.php\/2024\/02\/19\/ag-2024-et-pouvoir-et-bulletin-dadhesion-2024\/"}],"_links":{"self":[{"href":"https:\/\/www.safraniersdeprovence.fr\/index.php\/wp-json\/wp\/v2\/posts\/539","targetHints":{"allow":["GET"]}}],"collection":[{"href":"https:\/\/www.safraniersdeprovence.fr\/index.php\/wp-json\/wp\/v2\/posts"}],"about":[{"href":"https:\/\/www.safraniersdeprovence.fr\/index.php\/wp-json\/wp\/v2\/types\/post"}],"author":[{"embeddable":true,"href":"https:\/\/www.safraniersdeprovence.fr\/index.php\/wp-json\/wp\/v2\/users\/720"}],"replies":[{"embeddable":true,"href":"https:\/\/www.safraniersdeprovence.fr\/index.php\/wp-json\/wp\/v2\/comments?post=539"}],"version-history":[{"count":5,"href":"https:\/\/www.safraniersdeprovence.fr\/index.php\/wp-json\/wp\/v2\/posts\/539\/revisions"}],"predecessor-version":[{"id":570,"href":"https:\/\/www.safraniersdeprovence.fr\/index.php\/wp-json\/wp\/v2\/posts\/539\/revisions\/570"}],"wp:attachment":[{"href":"https:\/\/www.safraniersdeprovence.fr\/index.php\/wp-json\/wp\/v2\/media?parent=539"}],"wp:term":[{"taxonomy":"category","embeddable":true,"href":"https:\/\/www.safraniersdeprovence.fr\/index.php\/wp-json\/wp\/v2\/categories?post=539"},{"taxonomy":"post_tag","embeddable":true,"href":"https:\/\/www.safraniersdeprovence.fr\/index.php\/wp-json\/wp\/v2\/tags?post=539"}],"curies":[{"name":"wp","href":"https:\/\/api.w.org\/{rel}","templated":true}]}}